{"id":250,"date":"2015-12-07T07:03:07","date_gmt":"2015-12-07T05:03:07","guid":{"rendered":"http:\/\/www.goingplaces43.com\/?p=250"},"modified":"2016-11-13T13:17:40","modified_gmt":"2016-11-13T11:17:40","slug":"barcelona","status":"publish","type":"post","link":"http:\/\/www.goingplaces43.com\/index.php\/2015\/12\/07\/barcelona\/","title":{"rendered":"Barcelona"},"content":{"rendered":"<p>December, 2015<\/p>\n<p><em>He: Where you going?<br \/>\n<\/em><em>She: Barcelona<br \/>\n<\/em><em>He: Oh<br \/>\n<\/em><em>A lyric from Steven Sondheim\u2019s musical Company<\/em><\/p>\n<p>One recent evening Kay and I found ourselves in Dry Martini, a bar not far from our hotel in Barcelona\u2019s fashionable <em>Eixample<\/em> district. We had come as a prelude to the single extravagant dinner we would enjoy during our short visit to that splendid city. Dry Martini is the kind of bar all too rare nowadays. Its dark paneled walls, intimate lighting, and relaxed seating engendered in us a feeling of joy and well-being. We were mildly tired after a day of sightseeing.<\/p>\n<p><!--more--><\/p>\n<p>As we sat sipping our drinks, we gazed at oil paintings on the walls depicting Dry Martini\u2019s signature offering made from among forty different brands of gin. Near us we observed a group of Catalans, men and women of a certain age dressed as if they had come from the executive suites of nearby corporate headquarters. The women especially had a stylish elegance. As latecomers arrived each was greeted warmly, an additional chair was pulled up, and the seating shifted to make room. Some were drinking Scotch, and when a new drink was summoned, the waiter arrived bearing a tray with ice, a fresh glass, and the Scotch bottle from which he proceeded to pour for all to see. It was a gracious touch. Here was a worldly group, chatting, joking, and perfectly at home with each other.<\/p>\n<p>I dwell on this scene and its surroundings because for me it exemplifies our Barcelona, a city as lovely and tasteful as any we\u2019ve known in Europe.<\/p>\n<p>I don\u2019t want to get ahead of myself, so I\u2019ll finish telling about that same evening\u2019s dinner. Shortly after 8 we walked to the rear of the bar and were met by a person who guided us along a corridor next to a restaurant kitchen and into a dining room where we were the only guests. The restaurant is called Speakeasy, no doubt because of its hidden and secret access. That we were shown into an empty restaurant is explained by the early hour and the Catalans\u2019 preference for late dining. In that respect, at least, they are like the rest of Spain.<\/p>\n<p><img loading=\"lazy\" class=\"wp-image-242 aligncenter\" src=\"http:\/\/www.goingplaces43.com\/wp-content\/uploads\/2016\/08\/IMG_0338-768x1024.jpg\" alt=\"IMG_0338\" width=\"340\" height=\"454\" srcset=\"http:\/\/www.goingplaces43.com\/wp-content\/uploads\/2016\/08\/IMG_0338-768x1024.jpg 768w, http:\/\/www.goingplaces43.com\/wp-content\/uploads\/2016\/08\/IMG_0338-225x300.jpg 225w, http:\/\/www.goingplaces43.com\/wp-content\/uploads\/2016\/08\/IMG_0338.jpg 1500w\" sizes=\"(max-width: 340px) 100vw, 340px\" \/><\/p>\n<p>Befitting a restaurant of Speakeasy\u2019s caliber, we had outstanding service, our waiter patiently helping us to understand the menu and the daily specials. As a starter, Kay chose razor clams, a specialty of the region, whose shells about three inches long are the size of thick pencils when they are shut. My own more prosaic choice was ravioli with a filling of oxtail meat. Following the ravioli I ate meatballs made of ground squid surrounded by additional squid pieces. Both my starter and main were dressed with rich sauces to the point where I was on the verge of having a classic case of <em>mal au foie<\/em>. The cool, crisp white wine chosen by our waiter was a knockout: a complex vintage from Spain\u2019s Galicia region known as Rias Viaxas from the Terras Gauda estate. The grape: Albari\u00f1o.<\/p>\n<p>It was close to 10 p.m. when we staggered out of Speakeasy only to get lost walking in the wrong direction. Although the center of Barcelona is laid out on a perfect grid, it was still confusing for us newbies. We ended up finding a taxi to get us back to the hotel where I slept the sleep of the just.<\/p>\n<p>As in other regions of Spain, in Catalonia it is not necessary to order traditional meals. Tapas nourished us nicely both at mid-day and evening. And we chose from a bewildering variety. Among our favorites were <em>patatas bravas<\/em>, slices of perfectly boiled potatoes topped with a zesty sauce and plates of sliced roast pork dressed with a sauce of South American origin: <em>presa<\/em> <em>iber\u00adica<\/em> <em>a\u00admb<\/em> <em>Chimi\u00adcherri. <\/em>Then there is <em>Bikini<\/em>, a small, toasted ham and cheese sandwich on very thin bread. Or how about a dessert of pure chocolate dressed with olive oil and sea salt. The list goes on and on. At a lunch counter in the city\u2019s great food market of la Boqueria I ordered <em>Boquerones<\/em>, anchovies in a light vinegar, garlic, and parsley dressing. Kay, who has long had an outspoken antipathy to anchovies, liked these. It was a culinary breakthrough for her. I could go on about the food and drink, but you get the point: Barcelona is great for food.<\/p>\n<figure id=\"attachment_247\" aria-describedby=\"caption-attachment-247\" style=\"width: 660px\" class=\"wp-caption alignnone\"><img loading=\"lazy\" class=\"size-large wp-image-247\" src=\"http:\/\/www.goingplaces43.com\/wp-content\/uploads\/2016\/08\/Passeig-de-Gracia-1024x683.jpg\" alt=\"Passeig de Gracia\" width=\"660\" height=\"440\" srcset=\"http:\/\/www.goingplaces43.com\/wp-content\/uploads\/2016\/08\/Passeig-de-Gracia-1024x683.jpg 1024w, http:\/\/www.goingplaces43.com\/wp-content\/uploads\/2016\/08\/Passeig-de-Gracia-300x200.jpg 300w, http:\/\/www.goingplaces43.com\/wp-content\/uploads\/2016\/08\/Passeig-de-Gracia-768x513.jpg 768w, http:\/\/www.goingplaces43.com\/wp-content\/uploads\/2016\/08\/Passeig-de-Gracia.jpg 1500w\" sizes=\"(max-width: 660px) 100vw, 660px\" \/><figcaption id=\"caption-attachment-247\" class=\"wp-caption-text\">Passeig de Gracia<\/figcaption><\/figure>\n<p>We experience a city most directly by walking its streets and avenues, taking in their look and feel, and the life that inhabits them. Barcelona\u2019s wide avenue named <em>Passeig de Gr<\/em><em>\u00e0cia<\/em> is Eixample\u2019s main artery and one of the most elegant streets we\u2019ve ever seen. It is what Paris\u2019 <em>avenue des Champs-<\/em><em>\u00c9lys<\/em><em>\u00e9es<\/em> used to be like before it became crowded with fast-food outlets, airline offices, and chain stores. The stores that line the Passeig de Gr\u00e0cia are strictly luxury brands, and their windows dressed for the holidays were a sight for jaded eyes. Furthermore, the Passeig is the site of some unique architecture.<\/p>\n<figure id=\"attachment_251\" aria-describedby=\"caption-attachment-251\" style=\"width: 660px\" class=\"wp-caption alignnone\"><img loading=\"lazy\" class=\"size-large wp-image-251\" src=\"http:\/\/www.goingplaces43.com\/wp-content\/uploads\/2016\/08\/Casa-Batll\u00f3-2-1024x683.jpg\" alt=\"Casa Batll\u00f3\" width=\"660\" height=\"440\" \/><figcaption id=\"caption-attachment-251\" class=\"wp-caption-text\">Casa Batll\u00f3<\/figcaption><\/figure>\n<p>We first knew this style as <em>Art Nouveau.<\/em> In Germany they called it <em>Jugendstil<\/em>, in Austria <em>Sezessionstil<\/em>, but here in Spain it is <em>Modernismo<\/em>. It arose throughout Europe in the final decade of the 19<sup>th<\/sup> century and flourished until the First World War. Its theoretical underpinnings are those of William Morris and Britain\u2019s Arts-and-Crafts Movement that sought to reestablish the integrity and methods of craftsmanship that had been displaced by the tide of mass production and industrialization. In its architecture and decorative arts, the features of Modernismo are asymmetrical compositions and sinuous curved lines inspired from organic forms found in nature. With our ways of looking at and thinking about architecture today, formed by Neo-Gothic, Beaux-Arts, and Post-Modern styles, Modernismo can strike us as outlandish, pure whimsy on the part of the builder. Probably nowhere is this more true than in Barcelona, and that is due to two innovators of genius and their followers who broke with earlier styles so completely. They were Antoni Gaud\u00ed (1852-1926) and Lu\u00eds Dom\u00e8nech i Montaner (1850-1923), the architect who designed the extraordinary <em>Palau de la Musica Catalana<\/em> that opened in 1908 and about which I\u2019ll write a few lines below.<\/p>\n<figure id=\"attachment_248\" aria-describedby=\"caption-attachment-248\" style=\"width: 346px\" class=\"wp-caption aligncenter\"><img loading=\"lazy\" class=\" wp-image-248\" src=\"http:\/\/www.goingplaces43.com\/wp-content\/uploads\/2016\/08\/Sagrada-Familia-24-684x1024.jpg\" alt=\"Sagrada Familia\" width=\"346\" height=\"518\" srcset=\"http:\/\/www.goingplaces43.com\/wp-content\/uploads\/2016\/08\/Sagrada-Familia-24-684x1024.jpg 684w, http:\/\/www.goingplaces43.com\/wp-content\/uploads\/2016\/08\/Sagrada-Familia-24-200x300.jpg 200w, http:\/\/www.goingplaces43.com\/wp-content\/uploads\/2016\/08\/Sagrada-Familia-24-768x1150.jpg 768w, http:\/\/www.goingplaces43.com\/wp-content\/uploads\/2016\/08\/Sagrada-Familia-24.jpg 1500w\" sizes=\"(max-width: 346px) 100vw, 346px\" \/><figcaption id=\"caption-attachment-248\" class=\"wp-caption-text\">Sagrada Familia<\/figcaption><\/figure>\n<p>Of the two artist-architects Gaud\u00ed is, of course, the most famous. His is a familiar name world wide even among those who don\u2019t know his work. Before this visit and before reading Colm T\u00f3ib\u00edn\u2019s wonderful <em>Homage to Barcelona<\/em>, we didn\u2019t know much at all about Gaud\u00ed, the man, or about the details of his work. As a man, Gaud\u00ed was, well, pretty weird. A life-long misogynist who never married, and anti-clerical in his youth, he became a Roman Catholic of such devotion that he came to lead an austere almost monkish existence and to dedicate the last years of his life almost exclusively to designing and beginning to build the <em>Sagrada Familia<\/em>, a great, otherworldly church that was only begun in Gaud\u00ed\u2019s lifetime and may not be finished for several decades to come. Gaud\u00ed\u2019s expressed intention for the Sagrada Familia was to expiate the sins of his fellow Catalans. Personally, although I don\u2019t love the church, I do recognize that it is a mysterious dream of one unlike any other ever built before.<\/p>\n<p>My affinity is much stronger for two other of Gaud\u00ed\u2019s creations that we were able to visit on this trip. Both are residential monuments and both are located near each other on the Passeig de Gr\u00e0cia.<\/p>\n<p><img loading=\"lazy\" class=\"alignnone size-large wp-image-243\" src=\"http:\/\/www.goingplaces43.com\/wp-content\/uploads\/2016\/08\/La-Pedrera-4-1024x683.jpg\" alt=\"La Pedrera 4\" width=\"660\" height=\"440\" srcset=\"http:\/\/www.goingplaces43.com\/wp-content\/uploads\/2016\/08\/La-Pedrera-4-1024x683.jpg 1024w, http:\/\/www.goingplaces43.com\/wp-content\/uploads\/2016\/08\/La-Pedrera-4-300x200.jpg 300w, http:\/\/www.goingplaces43.com\/wp-content\/uploads\/2016\/08\/La-Pedrera-4-768x513.jpg 768w, http:\/\/www.goingplaces43.com\/wp-content\/uploads\/2016\/08\/La-Pedrera-4.jpg 1500w\" sizes=\"(max-width: 660px) 100vw, 660px\" \/><\/p>\n<p>There is something dreamlike, too, about La Pedrera, the large apartment block that stands only a few meters from the Hotel Royal where we stayed. Our first impression of its fa\u00e7ade is of a giant sand castle. Light beige in color and without any straight lines or edges, it looks as if it had been sculpted by hand. (\u201cSculpture\u201d is a word that comes to mind again and again with Moderdismo \u2013 architecture as sculpture.)<\/p>\n<p>La Pedrera, built between 1906 and 1912, is still a fashionable residence with all but one of its apartments occupied by tenants. The exception is one on the top floor restored and open as a museum.<\/p>\n<figure id=\"attachment_244\" aria-describedby=\"caption-attachment-244\" style=\"width: 660px\" class=\"wp-caption alignnone\"><img loading=\"lazy\" class=\"size-large wp-image-244\" src=\"http:\/\/www.goingplaces43.com\/wp-content\/uploads\/2016\/08\/La-Pedrera-10-1024x683.jpg\" alt=\"La Pedrera \" width=\"660\" height=\"440\" srcset=\"http:\/\/www.goingplaces43.com\/wp-content\/uploads\/2016\/08\/La-Pedrera-10-1024x683.jpg 1024w, http:\/\/www.goingplaces43.com\/wp-content\/uploads\/2016\/08\/La-Pedrera-10-300x200.jpg 300w, http:\/\/www.goingplaces43.com\/wp-content\/uploads\/2016\/08\/La-Pedrera-10-768x513.jpg 768w, http:\/\/www.goingplaces43.com\/wp-content\/uploads\/2016\/08\/La-Pedrera-10.jpg 1500w\" sizes=\"(max-width: 660px) 100vw, 660px\" \/><figcaption id=\"caption-attachment-244\" class=\"wp-caption-text\">La Pedrera<\/figcaption><\/figure>\n<p>The most singular and amazing part of La Pedrera is its roof where chimneys and ventilation shafts are bundled together and hidden within a series of surrealistic towers of various sizes and shapes. Again, there are no straight lines or flat surfaces. These must be seen to be believed.<\/p>\n<figure id=\"attachment_241\" aria-describedby=\"caption-attachment-241\" style=\"width: 660px\" class=\"wp-caption alignnone\"><img loading=\"lazy\" class=\"size-large wp-image-241\" src=\"http:\/\/www.goingplaces43.com\/wp-content\/uploads\/2016\/08\/Casa-Bottlo-26-1024x683.jpg\" alt=\"Casa Bottlo\" width=\"660\" height=\"440\" srcset=\"http:\/\/www.goingplaces43.com\/wp-content\/uploads\/2016\/08\/Casa-Bottlo-26-1024x683.jpg 1024w, http:\/\/www.goingplaces43.com\/wp-content\/uploads\/2016\/08\/Casa-Bottlo-26-300x200.jpg 300w, http:\/\/www.goingplaces43.com\/wp-content\/uploads\/2016\/08\/Casa-Bottlo-26-768x513.jpg 768w, http:\/\/www.goingplaces43.com\/wp-content\/uploads\/2016\/08\/Casa-Bottlo-26.jpg 1500w\" sizes=\"(max-width: 660px) 100vw, 660px\" \/><figcaption id=\"caption-attachment-241\" class=\"wp-caption-text\">Casa Batllo<\/figcaption><\/figure>\n<p>Further down the Passeig de Gr\u00e0cia on its opposite side is another Gaud\u00ed masterpiece. One author described the Casa Batll\u00f3 as the architect\u2019s most \u201challucinatory\u201d work. It is a 1906 renovation of an earlier building that Gaud\u00ed was hired to do by an owner who wanted his house to look like no other. It is just as well that our first sight of it was at night when its specialty lighting accentuates the remarkable features of its fa\u00e7ade. The stone carvings that surround the large front windows of the <em>piano nobile<\/em> (the first floor above street level) give the appearance of a large mouth or mask. Within the mouth are some slender columns that very much resemble the jointed bones of human legs. They give rise to the casa\u2019s nickname \u201cthe house of bones\u201d. The mask-like motif is continued in the railings of the protruding balconies of the floors above. The surface of the upper fa\u00e7ade that some liken to a pond of waterlilies features a technique known as <em>trencad\u00eds<\/em> that Gaud\u00ed used repeatedly. It consists of pieces of broken tiles and ceramics, some white, others multi-colored. It is a technique well suited for decorating curved Modernismo surfaces where whole tiles would not work.<\/p>\n<p>Catalonia\u2019s patron is Saint George, and the roofline of Casa Batll\u00f3 as seen from the street has the shape of a dragon. Likewise, the interior staircase railing leading upwards from street floor\u2019s vestibule has the appearance of a snake.<\/p>\n<p>All of Casa Batll\u00f3 is a museum, and we were amazed at some of the interior design features: On the piano nobile there is a small fireplace enclosed within a sculpted niche. Beside the fireplace are two hidden benches. This intimate space is ideal for a courting couple.<\/p>\n<figure id=\"attachment_252\" aria-describedby=\"caption-attachment-252\" style=\"width: 660px\" class=\"wp-caption alignnone\"><img loading=\"lazy\" class=\"size-large wp-image-252\" src=\"http:\/\/www.goingplaces43.com\/wp-content\/uploads\/2016\/08\/Casa-Batll\u00f3-4-1024x674.jpg\" alt=\"Casa Batll\u00f3\" width=\"660\" height=\"434\" \/><figcaption id=\"caption-attachment-252\" class=\"wp-caption-text\">Casa Batll\u00f3<\/figcaption><\/figure>\n<p>Like other architects (Wright, Alto, Mackintosh, Mies van der Rohe, the Saarinens come to mind) Gaud\u00ed designed furniture and interior objects for his buildings. He has the reputation of taking as much care with the small as with the large. His doorknobs and window latches are museum pieces in their own right.<\/p>\n<figure id=\"attachment_240\" aria-describedby=\"caption-attachment-240\" style=\"width: 660px\" class=\"wp-caption alignnone\"><img loading=\"lazy\" class=\"size-large wp-image-240\" src=\"http:\/\/www.goingplaces43.com\/wp-content\/uploads\/2016\/08\/Casa-Bottlo-1-1024x684.jpg\" alt=\"Casa Bottlo \" width=\"660\" height=\"441\" srcset=\"http:\/\/www.goingplaces43.com\/wp-content\/uploads\/2016\/08\/Casa-Bottlo-1-1024x684.jpg 1024w, http:\/\/www.goingplaces43.com\/wp-content\/uploads\/2016\/08\/Casa-Bottlo-1-300x200.jpg 300w, http:\/\/www.goingplaces43.com\/wp-content\/uploads\/2016\/08\/Casa-Bottlo-1-768x513.jpg 768w, http:\/\/www.goingplaces43.com\/wp-content\/uploads\/2016\/08\/Casa-Bottlo-1.jpg 1500w\" sizes=\"(max-width: 660px) 100vw, 660px\" \/><figcaption id=\"caption-attachment-240\" class=\"wp-caption-text\">Casa Battlo<\/figcaption><\/figure>\n<p>Prior to this trip, Kay and I didn\u2019t know of Lu\u00eds Dom\u00e8nech i Montaner even by reputation, and we were surprised to learn that he had been an important architect in the city before Gaud\u00ed\u2019s rise to prominence. It just may be gossip that the two men disliked one another. But if they did, it must have been a rivalry between the two giants of Modernismo because Dom\u00e8nech\u2019s work certainly stands the test of time. The Palau de la Musica Catalana that opened in 1908 as the home of the Orfe\u00f3 Catal\u00e0 is a concert hall as respected today as it was when it was built.<\/p>\n<figure id=\"attachment_246\" aria-describedby=\"caption-attachment-246\" style=\"width: 660px\" class=\"wp-caption alignnone\"><img loading=\"lazy\" class=\"size-large wp-image-246\" src=\"http:\/\/www.goingplaces43.com\/wp-content\/uploads\/2016\/08\/Palau-de-la-Musica-Catalana-21-1024x683.jpg\" alt=\"Palau de la Musica\" width=\"660\" height=\"440\" srcset=\"http:\/\/www.goingplaces43.com\/wp-content\/uploads\/2016\/08\/Palau-de-la-Musica-Catalana-21-1024x683.jpg 1024w, http:\/\/www.goingplaces43.com\/wp-content\/uploads\/2016\/08\/Palau-de-la-Musica-Catalana-21-300x200.jpg 300w, http:\/\/www.goingplaces43.com\/wp-content\/uploads\/2016\/08\/Palau-de-la-Musica-Catalana-21-768x513.jpg 768w, http:\/\/www.goingplaces43.com\/wp-content\/uploads\/2016\/08\/Palau-de-la-Musica-Catalana-21.jpg 1500w\" sizes=\"(max-width: 660px) 100vw, 660px\" \/><figcaption id=\"caption-attachment-246\" class=\"wp-caption-text\">Palau de la Musica<\/figcaption><\/figure>\n<p>The Orfe\u00f3 Catal\u00e0 was an amateur choral society consisting of blue-collar workers who lived in the crowded neighborhood where it was built. The popularity of choral music in Barcelona at the time is another story that we\u2019ll need to learn more about.<\/p>\n<p>Surprisingly, to us, the Orfe\u00f3 Catal\u00e0 had the Palau built and hired Dom\u00e8nech i Montaner to design it. To call the result exuberant would be to understate it even by Modernismo standards. The ceiling of the auditorium is a giant skylight whose center is dominated by an integrated stained glass light source that has the appearance of a fiery sun. The lines emanating from it divide the ceiling into multicolored pie-shaped wedges intersected by concentric rings. The outer rings contain women\u2019s faces framed by long, brown hair. This is a sight to behold, yet it is all of a piece with the other elements of the hall\u2019s d\u00e9cor.<\/p>\n<p>We were lucky that at the time of our tour we were able to see and hear a full symphony orchestra rehearsing the Star Wars theme in preparation for the movie\u2019s opening celebration a few days hence.<\/p>\n<p>Before entering the great hall were treated to a short video containing short testimonials from famous singers, musicians, and conductors about their love for the Palau and the quality of its acoustics and general ambience. In the century since its opening, many of the great names of opera and classical music have performed at the Palau. Today, it is a venue for all kinds of music from jazz, to pop, to rock. When Kay and I return to Barcelona (and we will), we will be sure to attend at least one concert in this wonderful hall.<\/p>\n<p>Barcelona has several interesting museums and of the three we visited, I mention only one. Pau Picasso, as he is known in Catalan, spent his formative years in the city, and the museum that bears his name contains many of his early works and even some of his later paintings. Nearing the end of his life, the artist gave a trove of 1500 works to the city, which make up the core of the museum\u2019s collection, much of which is housed in five contiguous medieval buildings in Barcelona\u2019s Gothic Quarter. Apart from the works they contain, the architecture of these buildings with their courtyards and window treatments are museum pieces themselves.<\/p>\n<p>Within the Picasso we were impressed by how precocious the artist was. By the age of fifteen he had mastered the composition and perspective control of Academic painting and had done <em>Science and Charity<\/em>, a large and accomplished work of social realism. Soon after, Picasso began the experiments that led to his Blue Period and his first works of what became known as Cubism.<\/p>\n<p>We don\u2019t exaggerate when we say that we did a lot during our four days in Barcelona. We had no choice but to leave the hotel early each morning because Kay, at my instigation, had bought tickets and tours on line that began at 9 and 9:30 in the morning.<\/p>\n<p>We hadn\u2019t been in the city long before we realized just how distinct Barcelona and all of Catalonia is from Spain\u2019s other provinces. I took only a few minutes in our first restaurant to discover that the Spanish-language app on my iPhone was no help reading the menu. It was entirely in Catalan, the \u201cother\u201d language of Catalonia that often seems to come first.<\/p>\n<p>Over the years, we have been vaguely aware of Catalonia\u2019s sporadic bids for independence yet hadn\u2019t given them much thought until now that our consciousness has been raised. We\u2019ve learned that long ago, in the 14th century, for instance, Catalonia was an important independent Christian state in the Mediterranean world. This was at a time when the Moors ruled the rest of what is now Spain. And we hadn\u2019t known of the short-lived Catalan Republic that existed prior to the start of the Civil War. By precedent and the will of many Catalans, Catalonia has a good case for its independence. Time will tell whether it succeeds or not.<\/p>\n<p>In any case, Kay and I have become convinced that it is a worthy province to explore and hope to return in the not too distant future to do so.<\/p>\n<p>&nbsp;<\/p>\n","protected":false},"excerpt":{"rendered":"<p>December, 2015 He: Where you going? She: Barcelona He: Oh A lyric from Steven Sondheim\u2019s musical Company One recent evening Kay and I found ourselves in Dry Martini, a bar not far from our hotel in Barcelona\u2019s fashionable Eixample district. We had come as a prelude to the single extravagant dinner we would enjoy during &hellip; <a href=\"http:\/\/www.goingplaces43.com\/index.php\/2015\/12\/07\/barcelona\/\" class=\"more-link\">Continue reading <span class=\"screen-reader-text\">Barcelona<\/span><\/a><\/p>\n","protected":false},"author":2,"featured_media":245,"comment_status":"open","ping_status":"open","sticky":false,"template":"","format":"standard","meta":{"spay_email":""},"categories":[7],"tags":[],"jetpack_featured_media_url":"http:\/\/www.goingplaces43.com\/wp-content\/uploads\/2016\/08\/Masks-1.jpg","_links":{"self":[{"href":"http:\/\/www.goingplaces43.com\/index.php\/wp-json\/wp\/v2\/posts\/250"}],"collection":[{"href":"http:\/\/www.goingplaces43.com\/index.php\/wp-json\/wp\/v2\/posts"}],"about":[{"href":"http:\/\/www.goingplaces43.com\/index.php\/wp-json\/wp\/v2\/types\/post"}],"author":[{"embeddable":true,"href":"http:\/\/www.goingplaces43.com\/index.php\/wp-json\/wp\/v2\/users\/2"}],"replies":[{"embeddable":true,"href":"http:\/\/www.goingplaces43.com\/index.php\/wp-json\/wp\/v2\/comments?post=250"}],"version-history":[{"count":2,"href":"http:\/\/www.goingplaces43.com\/index.php\/wp-json\/wp\/v2\/posts\/250\/revisions"}],"predecessor-version":[{"id":258,"href":"http:\/\/www.goingplaces43.com\/index.php\/wp-json\/wp\/v2\/posts\/250\/revisions\/258"}],"wp:featuredmedia":[{"embeddable":true,"href":"http:\/\/www.goingplaces43.com\/index.php\/wp-json\/wp\/v2\/media\/245"}],"wp:attachment":[{"href":"http:\/\/www.goingplaces43.com\/index.php\/wp-json\/wp\/v2\/media?parent=250"}],"wp:term":[{"taxonomy":"category","embeddable":true,"href":"http:\/\/www.goingplaces43.com\/index.php\/wp-json\/wp\/v2\/categories?post=250"},{"taxonomy":"post_tag","embeddable":true,"href":"http:\/\/www.goingplaces43.com\/index.php\/wp-json\/wp\/v2\/tags?post=250"}],"curies":[{"name":"wp","href":"https:\/\/api.w.org\/{rel}","templated":true}]}}